{"id":10819,"date":"2023-07-05T15:06:41","date_gmt":"2023-07-05T15:06:41","guid":{"rendered":"https:\/\/coresdevelopment.be\/cores-development-als-trotse-partner-van-het-kmska\/"},"modified":"2024-01-09T14:15:01","modified_gmt":"2024-01-09T14:15:01","slug":"cores-development-fier-partenaire-du-kmska","status":"publish","type":"post","link":"https:\/\/coresdevelopment.be\/fr\/cores-development-fier-partenaire-du-kmska\/","title":{"rendered":"CORES DEVELOPMENT, FIER PARTENAIRE DU KMSKA"},"content":{"rendered":"\n<figure class=\"wp-block-image size-large\"><img loading=\"lazy\" decoding=\"async\" width=\"1024\" height=\"1024\" src=\"https:\/\/coresdevelopment.be\/uploads\/2023\/07\/20230630-KMSKA-1-1024x1024.jpg\" alt=\"Rondleiding doorheen het Koninklijk Museum voor Schone Kunsten in Antwerpen\" class=\"wp-image-9188\" srcset=\"https:\/\/coresdevelopment.be\/uploads\/2023\/07\/20230630-KMSKA-1-1024x1024.jpg 1024w, https:\/\/coresdevelopment.be\/uploads\/2023\/07\/20230630-KMSKA-1-300x300.jpg 300w, https:\/\/coresdevelopment.be\/uploads\/2023\/07\/20230630-KMSKA-1-150x150.jpg 150w, https:\/\/coresdevelopment.be\/uploads\/2023\/07\/20230630-KMSKA-1-768x768.jpg 768w, https:\/\/coresdevelopment.be\/uploads\/2023\/07\/20230630-KMSKA-1-1536x1536.jpg 1536w, https:\/\/coresdevelopment.be\/uploads\/2023\/07\/20230630-KMSKA-1-200x200.jpg 200w, https:\/\/coresdevelopment.be\/uploads\/2023\/07\/20230630-KMSKA-1.jpg 1599w\" sizes=\"auto, (max-width: 1024px) 100vw, 1024px\" \/><\/figure>\n\n\n\n<p class=\"has-margin-small\">En tant que partenaire du KMSKA et ayant son si\u00e8ge au centre d&#8217;Anvers, une visite au mus\u00e9e d&#8217;Anvers, situ\u00e9 \u00e0 la Place L\u00e9opold de Wael, s&#8217;imposait. La semaine derni\u00e8re, CORES s\u2019est donc rendu dans le quartier \u2018t Zuid (Place Leopold de Wael) pour une visite du mus\u00e9e.<\/p>\n\n\n\n<h5 class=\"wp-block-heading\">UNE COLLECTION D\u2019ART \u00c0 COUPER LE SOUFFLE<br>DANS UN B\u00c2TIMENT TOUT AUSSI IMPRESSIONNANT<\/h5>\n\n\n\n<p class=\"has-margin-small\">Nous avons d\u00e9couvert une collection o\u00f9 les anciens et les nouveaux ma\u00eetres vont de pair et se m\u00e9langent sans effort. L\u2019\u00e9merveillement s\u2019est poursuivi salle apr\u00e8s salle, et nous ne parlons pas seulement des \u0153uvres d\u2019art plac\u00e9es contre les murs ou des sculptures sur les socles. La grandeur du b\u00e2timent historique est imposante, et le nouveau volume dont s\u2019est dot\u00e9 le mus\u00e9e, lui donnant un v\u00e9ritable coup de jeune, est impressionnant. La visite, d\u2019une dur\u00e9e d\u2019une heure et demie, est pass\u00e9e tr\u00e8s vite et nous aurions pu y passer encore des heures.&nbsp;&nbsp;<\/p>\n\n\n<div\nclass=\"text-center flex flex-col items-center wp-blocks-block  alignwide\"\n>\n                <div class=\"text-9xl rotate-180 flex justify-center text-primary-500 pointer-events-none max-h-16\">\n            &rdquo;\n        <\/div>\n        <div class=\"text-3xl normal-case\">\n            Nous souhaitons faire d\u00e9couvrir \u00e0 nos partenaires et \u00e0 notre \u00e9quipe l\u2019univers de beaut\u00e9, d\u2019authenticit\u00e9 et d\u2019\u00e9merveillement que repr\u00e9sente le mus\u00e9e.\r\nSophie Deprez, directrice commerciale chez CORES Development\r\n\n        <\/div>\n        <div class=\"h-1 bg-primary-500 w-64 my-8 justify-center mx-auto\">\n        <\/div>\n                <div class=\"text-sm text-gray-300 italic\">\n            CORES Development, CCO Sophie Deprez\n        <\/div>\n        <\/div>\n\n\n\n<p class=\"has-margin-small\">CORES est fier d\u2019\u00eatre partenaire du KMSKA depuis 2023. Vous souhaitez en savoir plus sur les raisons qui ont pouss\u00e9 CORES \u00e0 conclure ce partenariat, ou vous \u00eates curieux de conna\u00eetre le tableau pr\u00e9f\u00e9r\u00e9 de Sophie Deprez, directrice commerciale chez CORES Development&nbsp;?<\/p>\n\n\n\n<p class=\"has-margin-small has-primary-500-color has-text-color\">&gt;&nbsp;<a href=\"https:\/\/kmska.be\/nl\/cores-development-wil-blijven-investeren-om-toekomstige-levenskunst-te-vrijwaren-en-het-publiek-aan\">Lisez l\u2019interview compl\u00e8te de Sophie Deprez sur le site Web du KMSKA.<\/a><\/p>\n\n\n\n<p class=\"has-margin-small has-primary-500-color has-text-color\"><br><br><\/p>\n\n\n\n<div style=\"height:100px\" aria-hidden=\"true\" class=\"wp-block-spacer\"><\/div>\n","protected":false},"excerpt":{"rendered":"<p>En tant que partenaire du KMSKA et ayant son si\u00e8ge au centre d&#8217;Anvers, une visite au mus\u00e9e d&#8217;Anvers, situ\u00e9 \u00e0 la Place L\u00e9opold de Wael, s&#8217;imposait. La semaine derni\u00e8re, CORES s\u2019est donc rendu dans le quartier \u2018t Zuid (Place Leopold de Wael) pour une visite du mus\u00e9e.<\/p>\n","protected":false},"author":7,"featured_media":9175,"comment_status":"open","ping_status":"open","sticky":false,"template":"","format":"standard","meta":{"_acf_changed":false,"footnotes":""},"categories":[3],"tags":[],"post-project":[],"class_list":["post-10819","post","type-post","status-publish","format-standard","has-post-thumbnail","hentry","category-non-classifiee"],"acf":[],"yoast_head":"<!-- This site is optimized with the Yoast SEO plugin v24.9 - https:\/\/yoast.com\/wordpress\/plugins\/seo\/ -->\n<title>CORES DEVELOPMENT, FIER PARTENAIRE DU KMSKA - Cores Development<\/title>\n<meta name=\"description\" content=\"Sinds 2023 mag CORES zich trotse partner van het KMSKA noemen. Lees het volledige interview met Sophie Deprez op de website van het KMSKA.\" \/>\n<meta name=\"robots\" content=\"index, follow, max-snippet:-1, max-image-preview:large, max-video-preview:-1\" \/>\n<link rel=\"canonical\" href=\"https:\/\/coresdevelopment.be\/fr\/cores-development-fier-partenaire-du-kmska\/\" \/>\n<meta property=\"og:locale\" content=\"fr_FR\" \/>\n<meta property=\"og:type\" content=\"article\" \/>\n<meta property=\"og:title\" content=\"CORES DEVELOPMENT, FIER PARTENAIRE DU KMSKA - Cores Development\" \/>\n<meta property=\"og:description\" content=\"Sinds 2023 mag CORES zich trotse partner van het KMSKA noemen. Lees het volledige interview met Sophie Deprez op de website van het KMSKA.\" \/>\n<meta property=\"og:url\" content=\"https:\/\/coresdevelopment.be\/fr\/cores-development-fier-partenaire-du-kmska\/\" \/>\n<meta property=\"og:site_name\" content=\"Cores Development\" \/>\n<meta property=\"article:published_time\" content=\"2023-07-05T15:06:41+00:00\" \/>\n<meta property=\"article:modified_time\" content=\"2024-01-09T14:15:01+00:00\" \/>\n<meta property=\"og:image\" content=\"https:\/\/coresdevelopment.be\/uploads\/2023\/07\/CORES-KMSKA-Antwerpen.jpg\" \/>\n\t<meta property=\"og:image:width\" content=\"720\" \/>\n\t<meta property=\"og:image:height\" content=\"460\" \/>\n\t<meta property=\"og:image:type\" content=\"image\/jpeg\" \/>\n<meta name=\"author\" content=\"barttaeymans\" \/>\n<meta name=\"twitter:card\" content=\"summary_large_image\" \/>\n<meta name=\"twitter:label1\" content=\"Written by\" \/>\n\t<meta name=\"twitter:data1\" content=\"barttaeymans\" \/>\n\t<meta name=\"twitter:label2\" content=\"Est. reading time\" \/>\n\t<meta name=\"twitter:data2\" content=\"2 minutes\" \/>\n<script type=\"application\/ld+json\" class=\"yoast-schema-graph\">{\"@context\":\"https:\/\/schema.org\",\"@graph\":[{\"@type\":\"WebPage\",\"@id\":\"https:\/\/coresdevelopment.be\/fr\/cores-development-fier-partenaire-du-kmska\/\",\"url\":\"https:\/\/coresdevelopment.be\/fr\/cores-development-fier-partenaire-du-kmska\/\",\"name\":\"CORES DEVELOPMENT, FIER PARTENAIRE DU KMSKA - Cores Development\",\"isPartOf\":{\"@id\":\"https:\/\/coresdevelopment.be\/#website\"},\"primaryImageOfPage\":{\"@id\":\"https:\/\/coresdevelopment.be\/fr\/cores-development-fier-partenaire-du-kmska\/#primaryimage\"},\"image\":{\"@id\":\"https:\/\/coresdevelopment.be\/fr\/cores-development-fier-partenaire-du-kmska\/#primaryimage\"},\"thumbnailUrl\":\"https:\/\/coresdevelopment.be\/uploads\/2023\/07\/CORES-KMSKA-Antwerpen.jpg\",\"datePublished\":\"2023-07-05T15:06:41+00:00\",\"dateModified\":\"2024-01-09T14:15:01+00:00\",\"author\":{\"@id\":\"https:\/\/coresdevelopment.be\/#\/schema\/person\/de27aa3a63bcca0123a0c27f4efabb11\"},\"description\":\"Sinds 2023 mag CORES zich trotse partner van het KMSKA noemen. Lees het volledige interview met Sophie Deprez op de website van het KMSKA.\",\"breadcrumb\":{\"@id\":\"https:\/\/coresdevelopment.be\/fr\/cores-development-fier-partenaire-du-kmska\/#breadcrumb\"},\"inLanguage\":\"fr-FR\",\"potentialAction\":[{\"@type\":\"ReadAction\",\"target\":[\"https:\/\/coresdevelopment.be\/fr\/cores-development-fier-partenaire-du-kmska\/\"]}]},{\"@type\":\"ImageObject\",\"inLanguage\":\"fr-FR\",\"@id\":\"https:\/\/coresdevelopment.be\/fr\/cores-development-fier-partenaire-du-kmska\/#primaryimage\",\"url\":\"https:\/\/coresdevelopment.be\/uploads\/2023\/07\/CORES-KMSKA-Antwerpen.jpg\",\"contentUrl\":\"https:\/\/coresdevelopment.be\/uploads\/2023\/07\/CORES-KMSKA-Antwerpen.jpg\",\"width\":720,\"height\":460,\"caption\":\"Jurgen van Bogaert en Peter Leyssens in het Koninklijk Museum voor Schone Kunsten in Antwerpen\"},{\"@type\":\"BreadcrumbList\",\"@id\":\"https:\/\/coresdevelopment.be\/fr\/cores-development-fier-partenaire-du-kmska\/#breadcrumb\",\"itemListElement\":[{\"@type\":\"ListItem\",\"position\":1,\"name\":\"Home\",\"item\":\"https:\/\/coresdevelopment.be\/fr\/\"},{\"@type\":\"ListItem\",\"position\":2,\"name\":\"CORES DEVELOPMENT, FIER PARTENAIRE DU KMSKA\"}]},{\"@type\":\"WebSite\",\"@id\":\"https:\/\/coresdevelopment.be\/#website\",\"url\":\"https:\/\/coresdevelopment.be\/\",\"name\":\"Cores Development\",\"description\":\"En nog een WordPress site\",\"potentialAction\":[{\"@type\":\"SearchAction\",\"target\":{\"@type\":\"EntryPoint\",\"urlTemplate\":\"https:\/\/coresdevelopment.be\/?s={search_term_string}\"},\"query-input\":{\"@type\":\"PropertyValueSpecification\",\"valueRequired\":true,\"valueName\":\"search_term_string\"}}],\"inLanguage\":\"fr-FR\"},{\"@type\":\"Person\",\"@id\":\"https:\/\/coresdevelopment.be\/#\/schema\/person\/de27aa3a63bcca0123a0c27f4efabb11\",\"name\":\"barttaeymans\",\"image\":{\"@type\":\"ImageObject\",\"inLanguage\":\"fr-FR\",\"@id\":\"https:\/\/coresdevelopment.be\/#\/schema\/person\/image\/\",\"url\":\"https:\/\/secure.gravatar.com\/avatar\/32c5eaa1130de10f090c93dd6586989e?s=96&d=mm&r=g\",\"contentUrl\":\"https:\/\/secure.gravatar.com\/avatar\/32c5eaa1130de10f090c93dd6586989e?s=96&d=mm&r=g\",\"caption\":\"barttaeymans\"},\"url\":\"https:\/\/coresdevelopment.be\/fr\/author\/barttaeymans\/\"}]}<\/script>\n<!-- \/ Yoast SEO plugin. -->","yoast_head_json":{"title":"CORES DEVELOPMENT, FIER PARTENAIRE DU KMSKA - Cores Development","description":"Sinds 2023 mag CORES zich trotse partner van het KMSKA noemen. Lees het volledige interview met Sophie Deprez op de website van het KMSKA.","robots":{"index":"index","follow":"follow","max-snippet":"max-snippet:-1","max-image-preview":"max-image-preview:large","max-video-preview":"max-video-preview:-1"},"canonical":"https:\/\/coresdevelopment.be\/fr\/cores-development-fier-partenaire-du-kmska\/","og_locale":"fr_FR","og_type":"article","og_title":"CORES DEVELOPMENT, FIER PARTENAIRE DU KMSKA - Cores Development","og_description":"Sinds 2023 mag CORES zich trotse partner van het KMSKA noemen. Lees het volledige interview met Sophie Deprez op de website van het KMSKA.","og_url":"https:\/\/coresdevelopment.be\/fr\/cores-development-fier-partenaire-du-kmska\/","og_site_name":"Cores Development","article_published_time":"2023-07-05T15:06:41+00:00","article_modified_time":"2024-01-09T14:15:01+00:00","og_image":[{"width":720,"height":460,"url":"https:\/\/coresdevelopment.be\/uploads\/2023\/07\/CORES-KMSKA-Antwerpen.jpg","type":"image\/jpeg"}],"author":"barttaeymans","twitter_card":"summary_large_image","twitter_misc":{"Written by":"barttaeymans","Est. reading time":"2 minutes"},"schema":{"@context":"https:\/\/schema.org","@graph":[{"@type":"WebPage","@id":"https:\/\/coresdevelopment.be\/fr\/cores-development-fier-partenaire-du-kmska\/","url":"https:\/\/coresdevelopment.be\/fr\/cores-development-fier-partenaire-du-kmska\/","name":"CORES DEVELOPMENT, FIER PARTENAIRE DU KMSKA - Cores Development","isPartOf":{"@id":"https:\/\/coresdevelopment.be\/#website"},"primaryImageOfPage":{"@id":"https:\/\/coresdevelopment.be\/fr\/cores-development-fier-partenaire-du-kmska\/#primaryimage"},"image":{"@id":"https:\/\/coresdevelopment.be\/fr\/cores-development-fier-partenaire-du-kmska\/#primaryimage"},"thumbnailUrl":"https:\/\/coresdevelopment.be\/uploads\/2023\/07\/CORES-KMSKA-Antwerpen.jpg","datePublished":"2023-07-05T15:06:41+00:00","dateModified":"2024-01-09T14:15:01+00:00","author":{"@id":"https:\/\/coresdevelopment.be\/#\/schema\/person\/de27aa3a63bcca0123a0c27f4efabb11"},"description":"Sinds 2023 mag CORES zich trotse partner van het KMSKA noemen. Lees het volledige interview met Sophie Deprez op de website van het KMSKA.","breadcrumb":{"@id":"https:\/\/coresdevelopment.be\/fr\/cores-development-fier-partenaire-du-kmska\/#breadcrumb"},"inLanguage":"fr-FR","potentialAction":[{"@type":"ReadAction","target":["https:\/\/coresdevelopment.be\/fr\/cores-development-fier-partenaire-du-kmska\/"]}]},{"@type":"ImageObject","inLanguage":"fr-FR","@id":"https:\/\/coresdevelopment.be\/fr\/cores-development-fier-partenaire-du-kmska\/#primaryimage","url":"https:\/\/coresdevelopment.be\/uploads\/2023\/07\/CORES-KMSKA-Antwerpen.jpg","contentUrl":"https:\/\/coresdevelopment.be\/uploads\/2023\/07\/CORES-KMSKA-Antwerpen.jpg","width":720,"height":460,"caption":"Jurgen van Bogaert en Peter Leyssens in het Koninklijk Museum voor Schone Kunsten in Antwerpen"},{"@type":"BreadcrumbList","@id":"https:\/\/coresdevelopment.be\/fr\/cores-development-fier-partenaire-du-kmska\/#breadcrumb","itemListElement":[{"@type":"ListItem","position":1,"name":"Home","item":"https:\/\/coresdevelopment.be\/fr\/"},{"@type":"ListItem","position":2,"name":"CORES DEVELOPMENT, FIER PARTENAIRE DU KMSKA"}]},{"@type":"WebSite","@id":"https:\/\/coresdevelopment.be\/#website","url":"https:\/\/coresdevelopment.be\/","name":"Cores Development","description":"En nog een WordPress site","potentialAction":[{"@type":"SearchAction","target":{"@type":"EntryPoint","urlTemplate":"https:\/\/coresdevelopment.be\/?s={search_term_string}"},"query-input":{"@type":"PropertyValueSpecification","valueRequired":true,"valueName":"search_term_string"}}],"inLanguage":"fr-FR"},{"@type":"Person","@id":"https:\/\/coresdevelopment.be\/#\/schema\/person\/de27aa3a63bcca0123a0c27f4efabb11","name":"barttaeymans","image":{"@type":"ImageObject","inLanguage":"fr-FR","@id":"https:\/\/coresdevelopment.be\/#\/schema\/person\/image\/","url":"https:\/\/secure.gravatar.com\/avatar\/32c5eaa1130de10f090c93dd6586989e?s=96&d=mm&r=g","contentUrl":"https:\/\/secure.gravatar.com\/avatar\/32c5eaa1130de10f090c93dd6586989e?s=96&d=mm&r=g","caption":"barttaeymans"},"url":"https:\/\/coresdevelopment.be\/fr\/author\/barttaeymans\/"}]}},"_links":{"self":[{"href":"https:\/\/coresdevelopment.be\/fr\/wp-json\/wp\/v2\/posts\/10819","targetHints":{"allow":["GET"]}}],"collection":[{"href":"https:\/\/coresdevelopment.be\/fr\/wp-json\/wp\/v2\/posts"}],"about":[{"href":"https:\/\/coresdevelopment.be\/fr\/wp-json\/wp\/v2\/types\/post"}],"author":[{"embeddable":true,"href":"https:\/\/coresdevelopment.be\/fr\/wp-json\/wp\/v2\/users\/7"}],"replies":[{"embeddable":true,"href":"https:\/\/coresdevelopment.be\/fr\/wp-json\/wp\/v2\/comments?post=10819"}],"version-history":[{"count":2,"href":"https:\/\/coresdevelopment.be\/fr\/wp-json\/wp\/v2\/posts\/10819\/revisions"}],"predecessor-version":[{"id":11194,"href":"https:\/\/coresdevelopment.be\/fr\/wp-json\/wp\/v2\/posts\/10819\/revisions\/11194"}],"wp:featuredmedia":[{"embeddable":true,"href":"https:\/\/coresdevelopment.be\/fr\/wp-json\/wp\/v2\/media\/9175"}],"wp:attachment":[{"href":"https:\/\/coresdevelopment.be\/fr\/wp-json\/wp\/v2\/media?parent=10819"}],"wp:term":[{"taxonomy":"category","embeddable":true,"href":"https:\/\/coresdevelopment.be\/fr\/wp-json\/wp\/v2\/categories?post=10819"},{"taxonomy":"post_tag","embeddable":true,"href":"https:\/\/coresdevelopment.be\/fr\/wp-json\/wp\/v2\/tags?post=10819"},{"taxonomy":"post-project","embeddable":true,"href":"https:\/\/coresdevelopment.be\/fr\/wp-json\/wp\/v2\/post-project?post=10819"}],"curies":[{"name":"wp","href":"https:\/\/api.w.org\/{rel}","templated":true}]}}