{"id":11630,"date":"2024-02-08T08:56:37","date_gmt":"2024-02-08T08:56:37","guid":{"rendered":"https:\/\/coresdevelopment.be\/nieuwe-duurzame-woonbuurt-rinkkaai-aan-gents-sint-pietersstation-finaal-vergund\/"},"modified":"2024-02-08T09:44:30","modified_gmt":"2024-02-08T09:44:30","slug":"le-nouveau-quartier-residentiel-durable-rinkkaai-pres-de-la-gare-gand-saint-pierre-finalement-autorise","status":"publish","type":"post","link":"https:\/\/coresdevelopment.be\/fr\/le-nouveau-quartier-residentiel-durable-rinkkaai-pres-de-la-gare-gand-saint-pierre-finalement-autorise\/","title":{"rendered":"Le nouveau quartier r\u00e9sidentiel durable Rinkkaai finalement autoris\u00e9"},"content":{"rendered":"\n<figure class=\"wp-block-image size-full\"><img loading=\"lazy\" decoding=\"async\" width=\"1000\" height=\"600\" src=\"https:\/\/coresdevelopment.be\/uploads\/2024\/02\/Gent-Rinkkaai-Zicht-op-de-Leie.jpg\" alt=\"\" class=\"wp-image-11607\" srcset=\"https:\/\/coresdevelopment.be\/uploads\/2024\/02\/Gent-Rinkkaai-Zicht-op-de-Leie.jpg 1000w, https:\/\/coresdevelopment.be\/uploads\/2024\/02\/Gent-Rinkkaai-Zicht-op-de-Leie-300x180.jpg 300w, https:\/\/coresdevelopment.be\/uploads\/2024\/02\/Gent-Rinkkaai-Zicht-op-de-Leie-768x461.jpg 768w\" sizes=\"auto, (max-width: 1000px) 100vw, 1000px\" \/><\/figure>\n\n\n\n<p class=\"has-margin-small\"><strong>La ville de Gand a octroy\u00e9 le permis pour Rinkkaai, un quartier r\u00e9sidentiel durable situ\u00e9 Koningin Fabiolalaan, entre Gand Saint-Pierre et les Blaarmeersen. Rinkkaai, un projet des d\u00e9veloppeurs Alides et CORES Development, comprend 6 b\u00e2timents, avec entre autres 308 appartements quasi z\u00e9ro \u00e9nergie (Q-ZEN), des \u00e9tablissements horeca, des services de soutien de proximit\u00e9 et une zone de stationnement public. Gr\u00e2ce au permis ex\u00e9cutable, les travaux pourront commencer apr\u00e8s l\u2019\u00e9t\u00e9. Les premiers r\u00e9sidents pourront emm\u00e9nager fin 2027.<\/strong><\/p>\n\n\n\n<p class=\"has-margin-small\">Rinkkaai r\u00e9pond \u00e0 l\u2019important besoin d\u2019habitations abordables \u00e0 Gand. L\u2019accent est particuli\u00e8rement mis sur l\u2019habitat \u00e9conomique en collaboration avec l\u2019entreprise de d\u00e9veloppement urbain Sogent. Le quartier se compose d\u2019un m\u00e9lange d\u2019appartements classiques, de duplex et d\u2019appartements accessibles en fauteuil roulant, en vue d\u2019offrir un toit \u00e0 un large \u00e9ventail de familles. Le quartier pr\u00e9voit par ailleurs un \u00e9tablissement horeca, des magasins de proximit\u00e9 et des services de soutien de proximit\u00e9 comme une cr\u00e8che ou un cabinet m\u00e9dical, par exemple. Il accueillera \u00e9galement une maison de quartier.<\/p>\n\n\n\n<p class=\"has-margin-small\">Les d\u00e9veloppeurs encouragent fortement l\u2019utilisation de la bicyclette en installant presque 1&nbsp;000 places de stationnement pour v\u00e9los dans des abris \u00e0 v\u00e9los accessibles. Ils pr\u00e9voient aussi des bornes de recharge \u00e9lectrique, dans une volont\u00e9 de miser sur le v\u00e9lo sous toutes ses formes.<\/p>\n\n\n\n<p class=\"has-margin-small\"><em>\u00ab&nbsp;L\u2019octroi du permis est un tournant dans le d\u00e9veloppement de Rinkkaai. Apr\u00e8s 7 ann\u00e9es de durs labeurs, nous sommes donc particuli\u00e8rement satisfaits de pouvoir r\u00e9aliser ce projet unique. Rinkkaai repr\u00e9sente des habitations durables et accessibles pour toutes les g\u00e9n\u00e9rations. Il deviendra une r\u00e9f\u00e9rence architecturale particuli\u00e8rement soucieuse de l\u2019habitat abordable, participant ainsi \u00e0 r\u00e9soudre la p\u00e9nurie de logements \u00e0 Gand.&nbsp;\u00bb <\/em>&#8211; Rikkert Leeman, CEO Alides.<\/p>\n\n\n\n<h2 class=\"wp-block-heading\">Aucune utilisation de combustibles fossiles<\/h2>\n\n\n\n<p class=\"has-margin-small\">Rinkkaai se distingue tant par son abordabilit\u00e9 que par sa durabilit\u00e9. Le quartier est totalement sans gaz, le chauffage \u00e9tant assur\u00e9 par l\u2019\u00e9nergie renouvelable fournie par un r\u00e9seau de chauffage propre en raccordant des pompes \u00e0 chaleur g\u00e9othermiques \u00e0 une zone de stockage d&#8217;\u00e9nergie par forage. En \u00e9t\u00e9, les pompes \u00e0 chaleur pourront refroidir passivement les habitations de la m\u00eame mani\u00e8re. Les appartements eux-m\u00eames sont extr\u00eamement bien isol\u00e9s et disposent de panneaux solaires pour la consommation d\u2019\u00e9nergie r\u00e9siduelle. L\u2019eau de pluie et les eaux us\u00e9es seront par ailleurs r\u00e9utilis\u00e9es et leur \u00e9vacuation ralentie afin de r\u00e9duire la consommation d\u2019eau, de favoriser l\u2019infiltration et de lutter contre l\u2019effet \u00eelot de chaleur urbain.<\/p>\n\n\n\n<p class=\"has-margin-small\"><em><em>\u00ab&nbsp;Rinkkaai sera le quartier r\u00e9sidentiel le plus \u00e9cologique des alentours de la gare de Gand et un exemple de d\u00e9veloppement urbain durable.&nbsp;\u00bb \u2013<\/em> Jurgen Van Bogaert, Managing Partner chez CORES Development<\/em><\/p>\n\n\n\n<figure class=\"wp-block-image size-large\"><img loading=\"lazy\" decoding=\"async\" width=\"1024\" height=\"512\" src=\"https:\/\/coresdevelopment.be\/uploads\/2024\/02\/Gent-Rinkkaai-Zicht-op-plein-1024x512.jpg\" alt=\"\" class=\"wp-image-11610\" srcset=\"https:\/\/coresdevelopment.be\/uploads\/2024\/02\/Gent-Rinkkaai-Zicht-op-plein-1024x512.jpg 1024w, https:\/\/coresdevelopment.be\/uploads\/2024\/02\/Gent-Rinkkaai-Zicht-op-plein-300x150.jpg 300w, https:\/\/coresdevelopment.be\/uploads\/2024\/02\/Gent-Rinkkaai-Zicht-op-plein-768x384.jpg 768w, https:\/\/coresdevelopment.be\/uploads\/2024\/02\/Gent-Rinkkaai-Zicht-op-plein.jpg 1200w\" sizes=\"auto, (max-width: 1024px) 100vw, 1024px\" \/><\/figure>\n\n\n\n<h2 class=\"wp-block-heading\">Oasis de verdure propice aux rencontres<\/h2>\n\n\n\n<p class=\"has-margin-small\">Les futurs r\u00e9sidents s\u2019\u00e9tabliront dans une oasis verdoyante. L\u2019extr\u00e9mit\u00e9 m\u00e9ridionale du site deviendra un parc biodiversifi\u00e9 permanent sur\u00e9lev\u00e9 compos\u00e9 de parterres de fleurs et de pelouses, qui sera connect\u00e9 au futur parc Rijsenberg de la Koningin Fabiolalaan. L\u2019espace vert sera accessible tant aux r\u00e9sidents qu\u2019aux autres habitants des environs, devenant par l\u00e0 un lieu de rencontre id\u00e9al pour jeunes et moins jeunes.<\/p>\n\n\n\n<p class=\"has-margin-small\"><em><em>\u00ab&nbsp;Maintenant que le projet Rinkkaai peut d\u00e9marrer, les pr\u00e9paratifs du pont cycliste sur la Lys, entre Koningin Fabiolalaan et Blaarmeersen ont \u00e9galement \u00e9t\u00e9 remis sur les rails. L\u2019objectif est de pouvoir mettre le pont en service en m\u00eame temps que les b\u00e2timents de Rinkkaai.&nbsp;\u00bb<\/em> &#8211; Sami Souguir en tant que pr\u00e9sident de Sogent<\/em><\/p>\n\n\n\n<div style=\"height:10px\" aria-hidden=\"true\" class=\"wp-block-spacer\"><\/div>\n\n\n\n<h2 class=\"wp-block-heading\">Livraison en 2027<\/h2>\n\n\n\n<p class=\"has-margin-small\">La vente publique d\u00e9butera d\u00e8s ce printemps. Si tout se passe comme pr\u00e9vu, les travaux commenceront juste apr\u00e8s l\u2019\u00e9t\u00e9. Les premiers r\u00e9sidents devraient pouvoir emm\u00e9nager en 2027.<\/p>\n\n\n\n<p class=\"has-margin-small\">Rinkkaai a gagn\u00e9 le concours d\u2019architecture organis\u00e9 \u00e0 l\u2019initiative de Sogent en 2015. \u00c0 l\u2019occasion de ce projet, nous collaborons avec les architectes EVR, KCAP, OMAR et avec l\u2019architecte paysager Omgeving.<\/p>\n\n\n\n<p class=\"has-margin-small\">Le site web suivant fournit des informations suppl\u00e9mentaires&nbsp;: <a href=\"http:\/\/www.rinkkaai.be\">www.rinkkaai.be<\/a><\/p>\n\n\n\n<figure class=\"wp-block-image size-large\"><img loading=\"lazy\" decoding=\"async\" width=\"1024\" height=\"512\" src=\"https:\/\/coresdevelopment.be\/uploads\/2024\/02\/Gent-Rinkkaai-Zicht-op-binnentuin-1024x512.jpg\" alt=\"\" class=\"wp-image-11604\" srcset=\"https:\/\/coresdevelopment.be\/uploads\/2024\/02\/Gent-Rinkkaai-Zicht-op-binnentuin-1024x512.jpg 1024w, https:\/\/coresdevelopment.be\/uploads\/2024\/02\/Gent-Rinkkaai-Zicht-op-binnentuin-300x150.jpg 300w, https:\/\/coresdevelopment.be\/uploads\/2024\/02\/Gent-Rinkkaai-Zicht-op-binnentuin-768x384.jpg 768w, https:\/\/coresdevelopment.be\/uploads\/2024\/02\/Gent-Rinkkaai-Zicht-op-binnentuin.jpg 1200w\" sizes=\"auto, (max-width: 1024px) 100vw, 1024px\" \/><\/figure>\n\n\n\n<p class=\"has-margin-small\"><strong>Perscontact:<\/strong><\/p>\n\n\n\n<p class=\"has-margin-small\">Kathleen Smout<br>Development Manager Vlaanderen Alides<br><a href=\"mailto:k.smout@alides.be\">k.smout@alides.be<\/a> l +32 497 02 26 87<br><br>J\u00fcrgen Eeckhout<br>PR Consultant Bereal<br><a href=\"mailto:jurgen.eeckhout@bepublicgroup.be\">jurgen.eeckhout@bepublicgroup.be<\/a> l +32 478 48 52 40<\/p>\n\n\n\n<h4 class=\"wp-block-heading\">\u00c0 propos d\u2019Alides<\/h4>\n\n\n\n<p class=\"has-margin-small\"><em><em>Alides est un investisseur et promoteur de renomm\u00e9e internationale, sp\u00e9cialis\u00e9 dans l\u2019immobilier de bureaux et r\u00e9sidentiel, fortement pr\u00e9sent dans des sites urbains privil\u00e9gi\u00e9s en Belgique et en Pologne. Sa mission en tant que \u201cyour partner in real estate\u201d d\u00e9coule des racines familiales du Gentse Group Maes (fond\u00e9 en 1892) et transpara\u00eet dans une approche totale centr\u00e9e sur la qualit\u00e9, la durabilit\u00e9 et l\u2019innovation. La valeur du portefeuille immobilier d\u2019Alides s\u2019\u00e9l\u00e8ve \u00e0 plus de 650 millions et la r\u00e9serve de d\u00e9veloppements repr\u00e9sente un futur chiffre d\u2019affaires de plus de 900 millions d\u2019euros.<\/em><\/em><\/p>\n\n\n\n<h4 class=\"wp-block-heading\">\u00c0 propos de Cores Development<\/h4>\n\n\n\n<p class=\"has-margin-small\"><em>CORES Development a \u00e9t\u00e9 fond\u00e9 en 2006 par Jurgen Van Bogaert et Peter Leyssens. CORES Development d\u00e9veloppe des projets immobiliers intra-urbains \u00e0 l\u2019aide de concepts pr\u00e9cis. Des concepts orient\u00e9s vers les besoins du march\u00e9 et repr\u00e9sentant une plus-value pour l\u2019environnement. Les projets de CORES Development sont pr\u00e9sents dans toute la Flandre et \u00e0 Bruxelles. Citons entre autres Reepkaai (Courtrai), De Weverij (Sint-Niklaas), Cadiz (Anvers), Groen Zuid (Anvers), \u2019t Swaenenerf (Heist-op-den-Berg) et West (Hasselt). CORES Development assure lui-m\u00eame la vente et la promotion de tous les projets. L\u2019\u00e9quipe CORES est compos\u00e9e de professionnels exp\u00e9riment\u00e9s qui ma\u00eetrisent ensemble chaque aspect du d\u00e9veloppement et de la r\u00e9alisation d\u2019immobilier.<\/em><\/p>\n\n\n\n<h4 class=\"wp-block-heading\">\u00c0 propos de Sogent<\/h4>\n\n\n\n<p class=\"has-margin-small\"><em><em>Sogent assure le d\u00e9veloppement urbain et la gestion immobili\u00e8re \u00e0 Gand. L\u2019entreprise de d\u00e9veloppement urbain participe \u00e0 une ville novatrice et innovante dans un unique but&nbsp;: y cr\u00e9er un endroit o\u00f9 il fait bon vivre, rencontrer et travailler pour tout le monde. En tant que membre de Groep Gent, Sogent applique la politique urbaine de la Ville de Gand concernant le d\u00e9veloppement urbain et la gestion immobili\u00e8re.<\/em><\/em><\/p>\n\n\n\n<div style=\"height:100px\" aria-hidden=\"true\" class=\"wp-block-spacer\"><\/div>\n","protected":false},"excerpt":{"rendered":"<p>La ville de Gand a octroy\u00e9 le permis pour Rinkkaai, un quartier r\u00e9sidentiel durable situ\u00e9 Koningin Fabiolalaan, entre Gand Saint-Pierre et les Blaarmeersen. Gr\u00e2ce au permis ex\u00e9cutable, les travaux pourront commencer apr\u00e8s l\u2019\u00e9t\u00e9. Les premiers r\u00e9sidents pourront emm\u00e9nager fin 2027.<\/p>\n","protected":false},"author":7,"featured_media":11616,"comment_status":"open","ping_status":"open","sticky":false,"template":"","format":"standard","meta":{"_acf_changed":false,"footnotes":""},"categories":[3],"tags":[],"post-project":[],"class_list":["post-11630","post","type-post","status-publish","format-standard","has-post-thumbnail","hentry","category-non-classifiee"],"acf":[],"yoast_head":"<!-- This site is optimized with the Yoast SEO plugin v24.9 - https:\/\/yoast.com\/wordpress\/plugins\/seo\/ -->\n<title>Le nouveau quartier r\u00e9sidentiel durable Rinkkaai finalement autoris\u00e9 - Cores Development<\/title>\n<meta name=\"robots\" content=\"index, follow, max-snippet:-1, max-image-preview:large, max-video-preview:-1\" \/>\n<link rel=\"canonical\" href=\"https:\/\/coresdevelopment.be\/fr\/le-nouveau-quartier-residentiel-durable-rinkkaai-pres-de-la-gare-gand-saint-pierre-finalement-autorise\/\" \/>\n<meta property=\"og:locale\" content=\"fr_FR\" \/>\n<meta property=\"og:type\" content=\"article\" \/>\n<meta property=\"og:title\" content=\"Le nouveau quartier r\u00e9sidentiel durable Rinkkaai finalement autoris\u00e9 - Cores Development\" \/>\n<meta property=\"og:description\" content=\"La ville de Gand a octroy\u00e9 le permis pour Rinkkaai, un quartier r\u00e9sidentiel durable situ\u00e9 Koningin Fabiolalaan, entre Gand Saint-Pierre et les Blaarmeersen. Gr\u00e2ce au permis ex\u00e9cutable, les travaux pourront commencer apr\u00e8s l\u2019\u00e9t\u00e9. Les premiers r\u00e9sidents pourront emm\u00e9nager fin 2027.\" \/>\n<meta property=\"og:url\" content=\"https:\/\/coresdevelopment.be\/fr\/le-nouveau-quartier-residentiel-durable-rinkkaai-pres-de-la-gare-gand-saint-pierre-finalement-autorise\/\" \/>\n<meta property=\"og:site_name\" content=\"Cores Development\" \/>\n<meta property=\"article:published_time\" content=\"2024-02-08T08:56:37+00:00\" \/>\n<meta property=\"article:modified_time\" content=\"2024-02-08T09:44:30+00:00\" \/>\n<meta property=\"og:image\" content=\"https:\/\/coresdevelopment.be\/uploads\/2024\/02\/Gent-Rinkkaai-Zicht-op-de-Leie-appartementen-te-koop.jpg\" \/>\n\t<meta property=\"og:image:width\" content=\"720\" \/>\n\t<meta property=\"og:image:height\" content=\"460\" \/>\n\t<meta property=\"og:image:type\" content=\"image\/jpeg\" \/>\n<meta name=\"author\" content=\"barttaeymans\" \/>\n<meta name=\"twitter:card\" content=\"summary_large_image\" \/>\n<meta name=\"twitter:label1\" content=\"Written by\" \/>\n\t<meta name=\"twitter:data1\" content=\"barttaeymans\" \/>\n\t<meta name=\"twitter:label2\" content=\"Est. reading time\" \/>\n\t<meta name=\"twitter:data2\" content=\"6 minutes\" \/>\n<script type=\"application\/ld+json\" class=\"yoast-schema-graph\">{\"@context\":\"https:\/\/schema.org\",\"@graph\":[{\"@type\":\"WebPage\",\"@id\":\"https:\/\/coresdevelopment.be\/fr\/le-nouveau-quartier-residentiel-durable-rinkkaai-pres-de-la-gare-gand-saint-pierre-finalement-autorise\/\",\"url\":\"https:\/\/coresdevelopment.be\/fr\/le-nouveau-quartier-residentiel-durable-rinkkaai-pres-de-la-gare-gand-saint-pierre-finalement-autorise\/\",\"name\":\"Le nouveau quartier r\u00e9sidentiel durable Rinkkaai finalement autoris\u00e9 - Cores Development\",\"isPartOf\":{\"@id\":\"https:\/\/coresdevelopment.be\/#website\"},\"primaryImageOfPage\":{\"@id\":\"https:\/\/coresdevelopment.be\/fr\/le-nouveau-quartier-residentiel-durable-rinkkaai-pres-de-la-gare-gand-saint-pierre-finalement-autorise\/#primaryimage\"},\"image\":{\"@id\":\"https:\/\/coresdevelopment.be\/fr\/le-nouveau-quartier-residentiel-durable-rinkkaai-pres-de-la-gare-gand-saint-pierre-finalement-autorise\/#primaryimage\"},\"thumbnailUrl\":\"https:\/\/coresdevelopment.be\/uploads\/2024\/02\/Gent-Rinkkaai-Zicht-op-de-Leie-appartementen-te-koop.jpg\",\"datePublished\":\"2024-02-08T08:56:37+00:00\",\"dateModified\":\"2024-02-08T09:44:30+00:00\",\"author\":{\"@id\":\"https:\/\/coresdevelopment.be\/#\/schema\/person\/de27aa3a63bcca0123a0c27f4efabb11\"},\"breadcrumb\":{\"@id\":\"https:\/\/coresdevelopment.be\/fr\/le-nouveau-quartier-residentiel-durable-rinkkaai-pres-de-la-gare-gand-saint-pierre-finalement-autorise\/#breadcrumb\"},\"inLanguage\":\"fr-FR\",\"potentialAction\":[{\"@type\":\"ReadAction\",\"target\":[\"https:\/\/coresdevelopment.be\/fr\/le-nouveau-quartier-residentiel-durable-rinkkaai-pres-de-la-gare-gand-saint-pierre-finalement-autorise\/\"]}]},{\"@type\":\"ImageObject\",\"inLanguage\":\"fr-FR\",\"@id\":\"https:\/\/coresdevelopment.be\/fr\/le-nouveau-quartier-residentiel-durable-rinkkaai-pres-de-la-gare-gand-saint-pierre-finalement-autorise\/#primaryimage\",\"url\":\"https:\/\/coresdevelopment.be\/uploads\/2024\/02\/Gent-Rinkkaai-Zicht-op-de-Leie-appartementen-te-koop.jpg\",\"contentUrl\":\"https:\/\/coresdevelopment.be\/uploads\/2024\/02\/Gent-Rinkkaai-Zicht-op-de-Leie-appartementen-te-koop.jpg\",\"width\":720,\"height\":460},{\"@type\":\"BreadcrumbList\",\"@id\":\"https:\/\/coresdevelopment.be\/fr\/le-nouveau-quartier-residentiel-durable-rinkkaai-pres-de-la-gare-gand-saint-pierre-finalement-autorise\/#breadcrumb\",\"itemListElement\":[{\"@type\":\"ListItem\",\"position\":1,\"name\":\"Home\",\"item\":\"https:\/\/coresdevelopment.be\/fr\/\"},{\"@type\":\"ListItem\",\"position\":2,\"name\":\"Le nouveau quartier r\u00e9sidentiel durable Rinkkaai finalement autoris\u00e9\"}]},{\"@type\":\"WebSite\",\"@id\":\"https:\/\/coresdevelopment.be\/#website\",\"url\":\"https:\/\/coresdevelopment.be\/\",\"name\":\"Cores Development\",\"description\":\"En nog een WordPress site\",\"potentialAction\":[{\"@type\":\"SearchAction\",\"target\":{\"@type\":\"EntryPoint\",\"urlTemplate\":\"https:\/\/coresdevelopment.be\/?s={search_term_string}\"},\"query-input\":{\"@type\":\"PropertyValueSpecification\",\"valueRequired\":true,\"valueName\":\"search_term_string\"}}],\"inLanguage\":\"fr-FR\"},{\"@type\":\"Person\",\"@id\":\"https:\/\/coresdevelopment.be\/#\/schema\/person\/de27aa3a63bcca0123a0c27f4efabb11\",\"name\":\"barttaeymans\",\"image\":{\"@type\":\"ImageObject\",\"inLanguage\":\"fr-FR\",\"@id\":\"https:\/\/coresdevelopment.be\/#\/schema\/person\/image\/\",\"url\":\"https:\/\/secure.gravatar.com\/avatar\/32c5eaa1130de10f090c93dd6586989e?s=96&d=mm&r=g\",\"contentUrl\":\"https:\/\/secure.gravatar.com\/avatar\/32c5eaa1130de10f090c93dd6586989e?s=96&d=mm&r=g\",\"caption\":\"barttaeymans\"},\"url\":\"https:\/\/coresdevelopment.be\/fr\/author\/barttaeymans\/\"}]}<\/script>\n<!-- \/ Yoast SEO plugin. -->","yoast_head_json":{"title":"Le nouveau quartier r\u00e9sidentiel durable Rinkkaai finalement autoris\u00e9 - Cores Development","robots":{"index":"index","follow":"follow","max-snippet":"max-snippet:-1","max-image-preview":"max-image-preview:large","max-video-preview":"max-video-preview:-1"},"canonical":"https:\/\/coresdevelopment.be\/fr\/le-nouveau-quartier-residentiel-durable-rinkkaai-pres-de-la-gare-gand-saint-pierre-finalement-autorise\/","og_locale":"fr_FR","og_type":"article","og_title":"Le nouveau quartier r\u00e9sidentiel durable Rinkkaai finalement autoris\u00e9 - Cores Development","og_description":"La ville de Gand a octroy\u00e9 le permis pour Rinkkaai, un quartier r\u00e9sidentiel durable situ\u00e9 Koningin Fabiolalaan, entre Gand Saint-Pierre et les Blaarmeersen. Gr\u00e2ce au permis ex\u00e9cutable, les travaux pourront commencer apr\u00e8s l\u2019\u00e9t\u00e9. Les premiers r\u00e9sidents pourront emm\u00e9nager fin 2027.","og_url":"https:\/\/coresdevelopment.be\/fr\/le-nouveau-quartier-residentiel-durable-rinkkaai-pres-de-la-gare-gand-saint-pierre-finalement-autorise\/","og_site_name":"Cores Development","article_published_time":"2024-02-08T08:56:37+00:00","article_modified_time":"2024-02-08T09:44:30+00:00","og_image":[{"width":720,"height":460,"url":"https:\/\/coresdevelopment.be\/uploads\/2024\/02\/Gent-Rinkkaai-Zicht-op-de-Leie-appartementen-te-koop.jpg","type":"image\/jpeg"}],"author":"barttaeymans","twitter_card":"summary_large_image","twitter_misc":{"Written by":"barttaeymans","Est. reading time":"6 minutes"},"schema":{"@context":"https:\/\/schema.org","@graph":[{"@type":"WebPage","@id":"https:\/\/coresdevelopment.be\/fr\/le-nouveau-quartier-residentiel-durable-rinkkaai-pres-de-la-gare-gand-saint-pierre-finalement-autorise\/","url":"https:\/\/coresdevelopment.be\/fr\/le-nouveau-quartier-residentiel-durable-rinkkaai-pres-de-la-gare-gand-saint-pierre-finalement-autorise\/","name":"Le nouveau quartier r\u00e9sidentiel durable Rinkkaai finalement autoris\u00e9 - Cores Development","isPartOf":{"@id":"https:\/\/coresdevelopment.be\/#website"},"primaryImageOfPage":{"@id":"https:\/\/coresdevelopment.be\/fr\/le-nouveau-quartier-residentiel-durable-rinkkaai-pres-de-la-gare-gand-saint-pierre-finalement-autorise\/#primaryimage"},"image":{"@id":"https:\/\/coresdevelopment.be\/fr\/le-nouveau-quartier-residentiel-durable-rinkkaai-pres-de-la-gare-gand-saint-pierre-finalement-autorise\/#primaryimage"},"thumbnailUrl":"https:\/\/coresdevelopment.be\/uploads\/2024\/02\/Gent-Rinkkaai-Zicht-op-de-Leie-appartementen-te-koop.jpg","datePublished":"2024-02-08T08:56:37+00:00","dateModified":"2024-02-08T09:44:30+00:00","author":{"@id":"https:\/\/coresdevelopment.be\/#\/schema\/person\/de27aa3a63bcca0123a0c27f4efabb11"},"breadcrumb":{"@id":"https:\/\/coresdevelopment.be\/fr\/le-nouveau-quartier-residentiel-durable-rinkkaai-pres-de-la-gare-gand-saint-pierre-finalement-autorise\/#breadcrumb"},"inLanguage":"fr-FR","potentialAction":[{"@type":"ReadAction","target":["https:\/\/coresdevelopment.be\/fr\/le-nouveau-quartier-residentiel-durable-rinkkaai-pres-de-la-gare-gand-saint-pierre-finalement-autorise\/"]}]},{"@type":"ImageObject","inLanguage":"fr-FR","@id":"https:\/\/coresdevelopment.be\/fr\/le-nouveau-quartier-residentiel-durable-rinkkaai-pres-de-la-gare-gand-saint-pierre-finalement-autorise\/#primaryimage","url":"https:\/\/coresdevelopment.be\/uploads\/2024\/02\/Gent-Rinkkaai-Zicht-op-de-Leie-appartementen-te-koop.jpg","contentUrl":"https:\/\/coresdevelopment.be\/uploads\/2024\/02\/Gent-Rinkkaai-Zicht-op-de-Leie-appartementen-te-koop.jpg","width":720,"height":460},{"@type":"BreadcrumbList","@id":"https:\/\/coresdevelopment.be\/fr\/le-nouveau-quartier-residentiel-durable-rinkkaai-pres-de-la-gare-gand-saint-pierre-finalement-autorise\/#breadcrumb","itemListElement":[{"@type":"ListItem","position":1,"name":"Home","item":"https:\/\/coresdevelopment.be\/fr\/"},{"@type":"ListItem","position":2,"name":"Le nouveau quartier r\u00e9sidentiel durable Rinkkaai finalement autoris\u00e9"}]},{"@type":"WebSite","@id":"https:\/\/coresdevelopment.be\/#website","url":"https:\/\/coresdevelopment.be\/","name":"Cores Development","description":"En nog een WordPress site","potentialAction":[{"@type":"SearchAction","target":{"@type":"EntryPoint","urlTemplate":"https:\/\/coresdevelopment.be\/?s={search_term_string}"},"query-input":{"@type":"PropertyValueSpecification","valueRequired":true,"valueName":"search_term_string"}}],"inLanguage":"fr-FR"},{"@type":"Person","@id":"https:\/\/coresdevelopment.be\/#\/schema\/person\/de27aa3a63bcca0123a0c27f4efabb11","name":"barttaeymans","image":{"@type":"ImageObject","inLanguage":"fr-FR","@id":"https:\/\/coresdevelopment.be\/#\/schema\/person\/image\/","url":"https:\/\/secure.gravatar.com\/avatar\/32c5eaa1130de10f090c93dd6586989e?s=96&d=mm&r=g","contentUrl":"https:\/\/secure.gravatar.com\/avatar\/32c5eaa1130de10f090c93dd6586989e?s=96&d=mm&r=g","caption":"barttaeymans"},"url":"https:\/\/coresdevelopment.be\/fr\/author\/barttaeymans\/"}]}},"_links":{"self":[{"href":"https:\/\/coresdevelopment.be\/fr\/wp-json\/wp\/v2\/posts\/11630","targetHints":{"allow":["GET"]}}],"collection":[{"href":"https:\/\/coresdevelopment.be\/fr\/wp-json\/wp\/v2\/posts"}],"about":[{"href":"https:\/\/coresdevelopment.be\/fr\/wp-json\/wp\/v2\/types\/post"}],"author":[{"embeddable":true,"href":"https:\/\/coresdevelopment.be\/fr\/wp-json\/wp\/v2\/users\/7"}],"replies":[{"embeddable":true,"href":"https:\/\/coresdevelopment.be\/fr\/wp-json\/wp\/v2\/comments?post=11630"}],"version-history":[{"count":2,"href":"https:\/\/coresdevelopment.be\/fr\/wp-json\/wp\/v2\/posts\/11630\/revisions"}],"predecessor-version":[{"id":11640,"href":"https:\/\/coresdevelopment.be\/fr\/wp-json\/wp\/v2\/posts\/11630\/revisions\/11640"}],"wp:featuredmedia":[{"embeddable":true,"href":"https:\/\/coresdevelopment.be\/fr\/wp-json\/wp\/v2\/media\/11616"}],"wp:attachment":[{"href":"https:\/\/coresdevelopment.be\/fr\/wp-json\/wp\/v2\/media?parent=11630"}],"wp:term":[{"taxonomy":"category","embeddable":true,"href":"https:\/\/coresdevelopment.be\/fr\/wp-json\/wp\/v2\/categories?post=11630"},{"taxonomy":"post_tag","embeddable":true,"href":"https:\/\/coresdevelopment.be\/fr\/wp-json\/wp\/v2\/tags?post=11630"},{"taxonomy":"post-project","embeddable":true,"href":"https:\/\/coresdevelopment.be\/fr\/wp-json\/wp\/v2\/post-project?post=11630"}],"curies":[{"name":"wp","href":"https:\/\/api.w.org\/{rel}","templated":true}]}}